{"id":4846,"date":"2026-01-11T08:49:56","date_gmt":"2026-01-11T07:49:56","guid":{"rendered":"https:\/\/berghaus-wengen.ch\/emplois\/"},"modified":"2026-01-12T14:26:30","modified_gmt":"2026-01-12T13:26:30","slug":"emplois-article","status":"publish","type":"post","link":"https:\/\/berghaus-wengen.ch\/fr\/emplois-article\/","title":{"rendered":"Emplois"},"content":{"rendered":"\n<p><\/p>\n\n\n\n<p>Nous recherchons pour la prochaine saison d&rsquo;\u00e9t\u00e9, d\u00e9but juin \u00e0 fin septembre<\/p>\n\n\n\n<p><strong>un(e) employ\u00e9(e) de service, 100%.<\/strong> <\/p>\n\n\n\n<p><strong>Connaissances de l&rsquo;allemand et de l&rsquo;anglais souhait\u00e9es.<\/strong><\/p>\n\n\n\n<p><strong>Etage \/ Lingerie, 100%<\/strong><\/p>\n\n\n\n<p><strong>Chef de cuisine, 100%<\/strong><\/p>\n\n\n\n<p><strong> <\/strong><\/p>\n\n\n\n<p><\/p>\n","protected":false},"excerpt":{"rendered":"<p>Travailler l\u00e0 o\u00f9 d&rsquo;autres prennent des vacances&#8230;<\/p>\n","protected":false},"author":1,"featured_media":1668,"comment_status":"closed","ping_status":"closed","sticky":false,"template":"","format":"standard","meta":{"_acf_changed":false,"footnotes":""},"categories":[26,24],"tags":[],"class_list":["post-4846","post","type-post","status-publish","format-standard","has-post-thumbnail","hentry","category-actualites","category-emplois"],"acf":[],"yoast_head":"<!-- This site is optimized with the Yoast SEO plugin v27.5 - https:\/\/yoast.com\/product\/yoast-seo-wordpress\/ -->\n<title>Emplois - Hotel Berghaus Wengen<\/title>\n<meta name=\"robots\" content=\"index, follow, max-snippet:-1, max-image-preview:large, max-video-preview:-1\" \/>\n<link rel=\"canonical\" href=\"https:\/\/berghaus-wengen.ch\/fr\/emplois-article\/\" \/>\n<meta property=\"og:locale\" content=\"fr_FR\" \/>\n<meta property=\"og:type\" content=\"article\" \/>\n<meta property=\"og:title\" content=\"Emplois - Hotel Berghaus Wengen\" \/>\n<meta property=\"og:description\" content=\"Travailler l\u00e0 o\u00f9 d&#039;autres prennent des vacances...\" \/>\n<meta property=\"og:url\" content=\"https:\/\/berghaus-wengen.ch\/fr\/emplois-article\/\" \/>\n<meta property=\"og:site_name\" content=\"Hotel Berghaus Wengen\" \/>\n<meta property=\"article:published_time\" content=\"2026-01-11T07:49:56+00:00\" \/>\n<meta property=\"article:modified_time\" content=\"2026-01-12T13:26:30+00:00\" \/>\n<meta property=\"og:image\" content=\"https:\/\/berghaus-wengen.ch\/wp-content\/uploads\/2023\/11\/job-img-768x464-1.jpg\" \/>\n\t<meta property=\"og:image:width\" content=\"768\" \/>\n\t<meta property=\"og:image:height\" content=\"464\" \/>\n\t<meta property=\"og:image:type\" content=\"image\/jpeg\" \/>\n<meta name=\"author\" content=\"Bergh_Cad\" \/>\n<meta name=\"twitter:card\" content=\"summary_large_image\" \/>\n<meta name=\"twitter:label1\" content=\"\u00c9crit par\" \/>\n\t<meta name=\"twitter:data1\" content=\"Bergh_Cad\" \/>\n\t<meta name=\"twitter:label2\" content=\"Dur\u00e9e de lecture estim\u00e9e\" \/>\n\t<meta name=\"twitter:data2\" content=\"1 minute\" \/>\n<script type=\"application\/ld+json\" class=\"yoast-schema-graph\">{\"@context\":\"https:\\\/\\\/schema.org\",\"@graph\":[{\"@type\":\"Article\",\"@id\":\"https:\\\/\\\/berghaus-wengen.ch\\\/fr\\\/emplois-article\\\/#article\",\"isPartOf\":{\"@id\":\"https:\\\/\\\/berghaus-wengen.ch\\\/fr\\\/emplois-article\\\/\"},\"author\":{\"name\":\"Bergh_Cad\",\"@id\":\"https:\\\/\\\/berghaus-wengen.ch\\\/fr\\\/#\\\/schema\\\/person\\\/45fc0e591c584b12eadf194cc507af90\"},\"headline\":\"Emplois\",\"datePublished\":\"2026-01-11T07:49:56+00:00\",\"dateModified\":\"2026-01-12T13:26:30+00:00\",\"mainEntityOfPage\":{\"@id\":\"https:\\\/\\\/berghaus-wengen.ch\\\/fr\\\/emplois-article\\\/\"},\"wordCount\":35,\"publisher\":{\"@id\":\"https:\\\/\\\/berghaus-wengen.ch\\\/fr\\\/#organization\"},\"image\":{\"@id\":\"https:\\\/\\\/berghaus-wengen.ch\\\/fr\\\/emplois-article\\\/#primaryimage\"},\"thumbnailUrl\":\"https:\\\/\\\/berghaus-wengen.ch\\\/wp-content\\\/uploads\\\/2023\\\/11\\\/job-img-768x464-1.jpg\",\"articleSection\":[\"Actualit\u00e9s\",\"Emplois\"],\"inLanguage\":\"fr-FR\"},{\"@type\":\"WebPage\",\"@id\":\"https:\\\/\\\/berghaus-wengen.ch\\\/fr\\\/emplois-article\\\/\",\"url\":\"https:\\\/\\\/berghaus-wengen.ch\\\/fr\\\/emplois-article\\\/\",\"name\":\"Emplois - Hotel Berghaus Wengen\",\"isPartOf\":{\"@id\":\"https:\\\/\\\/berghaus-wengen.ch\\\/fr\\\/#website\"},\"primaryImageOfPage\":{\"@id\":\"https:\\\/\\\/berghaus-wengen.ch\\\/fr\\\/emplois-article\\\/#primaryimage\"},\"image\":{\"@id\":\"https:\\\/\\\/berghaus-wengen.ch\\\/fr\\\/emplois-article\\\/#primaryimage\"},\"thumbnailUrl\":\"https:\\\/\\\/berghaus-wengen.ch\\\/wp-content\\\/uploads\\\/2023\\\/11\\\/job-img-768x464-1.jpg\",\"datePublished\":\"2026-01-11T07:49:56+00:00\",\"dateModified\":\"2026-01-12T13:26:30+00:00\",\"breadcrumb\":{\"@id\":\"https:\\\/\\\/berghaus-wengen.ch\\\/fr\\\/emplois-article\\\/#breadcrumb\"},\"inLanguage\":\"fr-FR\",\"potentialAction\":[{\"@type\":\"ReadAction\",\"target\":[\"https:\\\/\\\/berghaus-wengen.ch\\\/fr\\\/emplois-article\\\/\"]}]},{\"@type\":\"ImageObject\",\"inLanguage\":\"fr-FR\",\"@id\":\"https:\\\/\\\/berghaus-wengen.ch\\\/fr\\\/emplois-article\\\/#primaryimage\",\"url\":\"https:\\\/\\\/berghaus-wengen.ch\\\/wp-content\\\/uploads\\\/2023\\\/11\\\/job-img-768x464-1.jpg\",\"contentUrl\":\"https:\\\/\\\/berghaus-wengen.ch\\\/wp-content\\\/uploads\\\/2023\\\/11\\\/job-img-768x464-1.jpg\",\"width\":768,\"height\":464},{\"@type\":\"BreadcrumbList\",\"@id\":\"https:\\\/\\\/berghaus-wengen.ch\\\/fr\\\/emplois-article\\\/#breadcrumb\",\"itemListElement\":[{\"@type\":\"ListItem\",\"position\":1,\"name\":\"Startseite\",\"item\":\"https:\\\/\\\/berghaus-wengen.ch\\\/fr\\\/accueil\\\/\"},{\"@type\":\"ListItem\",\"position\":2,\"name\":\"Emplois\"}]},{\"@type\":\"WebSite\",\"@id\":\"https:\\\/\\\/berghaus-wengen.ch\\\/fr\\\/#website\",\"url\":\"https:\\\/\\\/berghaus-wengen.ch\\\/fr\\\/\",\"name\":\"Hotel Berghaus Wengen\",\"description\":\"Herzlich willkommen im Berghaus \u2013 dem gem\u00fctlichen Hotel in der Jungfrauregion!\",\"publisher\":{\"@id\":\"https:\\\/\\\/berghaus-wengen.ch\\\/fr\\\/#organization\"},\"potentialAction\":[{\"@type\":\"SearchAction\",\"target\":{\"@type\":\"EntryPoint\",\"urlTemplate\":\"https:\\\/\\\/berghaus-wengen.ch\\\/fr\\\/?s={search_term_string}\"},\"query-input\":{\"@type\":\"PropertyValueSpecification\",\"valueRequired\":true,\"valueName\":\"search_term_string\"}}],\"inLanguage\":\"fr-FR\"},{\"@type\":\"Organization\",\"@id\":\"https:\\\/\\\/berghaus-wengen.ch\\\/fr\\\/#organization\",\"name\":\"Hotel Berghaus Wengen\",\"url\":\"https:\\\/\\\/berghaus-wengen.ch\\\/fr\\\/\",\"logo\":{\"@type\":\"ImageObject\",\"inLanguage\":\"fr-FR\",\"@id\":\"https:\\\/\\\/berghaus-wengen.ch\\\/fr\\\/#\\\/schema\\\/logo\\\/image\\\/\",\"url\":\"https:\\\/\\\/berghaus-wengen.ch\\\/wp-content\\\/uploads\\\/2023\\\/11\\\/cropped-logo-berghaus-1-1.png\",\"contentUrl\":\"https:\\\/\\\/berghaus-wengen.ch\\\/wp-content\\\/uploads\\\/2023\\\/11\\\/cropped-logo-berghaus-1-1.png\",\"width\":387,\"height\":133,\"caption\":\"Hotel Berghaus Wengen\"},\"image\":{\"@id\":\"https:\\\/\\\/berghaus-wengen.ch\\\/fr\\\/#\\\/schema\\\/logo\\\/image\\\/\"}},{\"@type\":\"Person\",\"@id\":\"https:\\\/\\\/berghaus-wengen.ch\\\/fr\\\/#\\\/schema\\\/person\\\/45fc0e591c584b12eadf194cc507af90\",\"name\":\"Bergh_Cad\",\"sameAs\":[\"http:\\\/\\\/berghaus.cadcom-studio.fr\"],\"url\":\"https:\\\/\\\/berghaus-wengen.ch\\\/fr\\\/author\\\/bergh_cad\\\/\"}]}<\/script>\n<!-- \/ Yoast SEO plugin. -->","yoast_head_json":{"title":"Emplois - Hotel Berghaus Wengen","robots":{"index":"index","follow":"follow","max-snippet":"max-snippet:-1","max-image-preview":"max-image-preview:large","max-video-preview":"max-video-preview:-1"},"canonical":"https:\/\/berghaus-wengen.ch\/fr\/emplois-article\/","og_locale":"fr_FR","og_type":"article","og_title":"Emplois - Hotel Berghaus Wengen","og_description":"Travailler l\u00e0 o\u00f9 d'autres prennent des vacances...","og_url":"https:\/\/berghaus-wengen.ch\/fr\/emplois-article\/","og_site_name":"Hotel Berghaus Wengen","article_published_time":"2026-01-11T07:49:56+00:00","article_modified_time":"2026-01-12T13:26:30+00:00","og_image":[{"width":768,"height":464,"url":"https:\/\/berghaus-wengen.ch\/wp-content\/uploads\/2023\/11\/job-img-768x464-1.jpg","type":"image\/jpeg"}],"author":"Bergh_Cad","twitter_card":"summary_large_image","twitter_misc":{"\u00c9crit par":"Bergh_Cad","Dur\u00e9e de lecture estim\u00e9e":"1 minute"},"schema":{"@context":"https:\/\/schema.org","@graph":[{"@type":"Article","@id":"https:\/\/berghaus-wengen.ch\/fr\/emplois-article\/#article","isPartOf":{"@id":"https:\/\/berghaus-wengen.ch\/fr\/emplois-article\/"},"author":{"name":"Bergh_Cad","@id":"https:\/\/berghaus-wengen.ch\/fr\/#\/schema\/person\/45fc0e591c584b12eadf194cc507af90"},"headline":"Emplois","datePublished":"2026-01-11T07:49:56+00:00","dateModified":"2026-01-12T13:26:30+00:00","mainEntityOfPage":{"@id":"https:\/\/berghaus-wengen.ch\/fr\/emplois-article\/"},"wordCount":35,"publisher":{"@id":"https:\/\/berghaus-wengen.ch\/fr\/#organization"},"image":{"@id":"https:\/\/berghaus-wengen.ch\/fr\/emplois-article\/#primaryimage"},"thumbnailUrl":"https:\/\/berghaus-wengen.ch\/wp-content\/uploads\/2023\/11\/job-img-768x464-1.jpg","articleSection":["Actualit\u00e9s","Emplois"],"inLanguage":"fr-FR"},{"@type":"WebPage","@id":"https:\/\/berghaus-wengen.ch\/fr\/emplois-article\/","url":"https:\/\/berghaus-wengen.ch\/fr\/emplois-article\/","name":"Emplois - Hotel Berghaus Wengen","isPartOf":{"@id":"https:\/\/berghaus-wengen.ch\/fr\/#website"},"primaryImageOfPage":{"@id":"https:\/\/berghaus-wengen.ch\/fr\/emplois-article\/#primaryimage"},"image":{"@id":"https:\/\/berghaus-wengen.ch\/fr\/emplois-article\/#primaryimage"},"thumbnailUrl":"https:\/\/berghaus-wengen.ch\/wp-content\/uploads\/2023\/11\/job-img-768x464-1.jpg","datePublished":"2026-01-11T07:49:56+00:00","dateModified":"2026-01-12T13:26:30+00:00","breadcrumb":{"@id":"https:\/\/berghaus-wengen.ch\/fr\/emplois-article\/#breadcrumb"},"inLanguage":"fr-FR","potentialAction":[{"@type":"ReadAction","target":["https:\/\/berghaus-wengen.ch\/fr\/emplois-article\/"]}]},{"@type":"ImageObject","inLanguage":"fr-FR","@id":"https:\/\/berghaus-wengen.ch\/fr\/emplois-article\/#primaryimage","url":"https:\/\/berghaus-wengen.ch\/wp-content\/uploads\/2023\/11\/job-img-768x464-1.jpg","contentUrl":"https:\/\/berghaus-wengen.ch\/wp-content\/uploads\/2023\/11\/job-img-768x464-1.jpg","width":768,"height":464},{"@type":"BreadcrumbList","@id":"https:\/\/berghaus-wengen.ch\/fr\/emplois-article\/#breadcrumb","itemListElement":[{"@type":"ListItem","position":1,"name":"Startseite","item":"https:\/\/berghaus-wengen.ch\/fr\/accueil\/"},{"@type":"ListItem","position":2,"name":"Emplois"}]},{"@type":"WebSite","@id":"https:\/\/berghaus-wengen.ch\/fr\/#website","url":"https:\/\/berghaus-wengen.ch\/fr\/","name":"Hotel Berghaus Wengen","description":"Herzlich willkommen im Berghaus \u2013 dem gem\u00fctlichen Hotel in der Jungfrauregion!","publisher":{"@id":"https:\/\/berghaus-wengen.ch\/fr\/#organization"},"potentialAction":[{"@type":"SearchAction","target":{"@type":"EntryPoint","urlTemplate":"https:\/\/berghaus-wengen.ch\/fr\/?s={search_term_string}"},"query-input":{"@type":"PropertyValueSpecification","valueRequired":true,"valueName":"search_term_string"}}],"inLanguage":"fr-FR"},{"@type":"Organization","@id":"https:\/\/berghaus-wengen.ch\/fr\/#organization","name":"Hotel Berghaus Wengen","url":"https:\/\/berghaus-wengen.ch\/fr\/","logo":{"@type":"ImageObject","inLanguage":"fr-FR","@id":"https:\/\/berghaus-wengen.ch\/fr\/#\/schema\/logo\/image\/","url":"https:\/\/berghaus-wengen.ch\/wp-content\/uploads\/2023\/11\/cropped-logo-berghaus-1-1.png","contentUrl":"https:\/\/berghaus-wengen.ch\/wp-content\/uploads\/2023\/11\/cropped-logo-berghaus-1-1.png","width":387,"height":133,"caption":"Hotel Berghaus Wengen"},"image":{"@id":"https:\/\/berghaus-wengen.ch\/fr\/#\/schema\/logo\/image\/"}},{"@type":"Person","@id":"https:\/\/berghaus-wengen.ch\/fr\/#\/schema\/person\/45fc0e591c584b12eadf194cc507af90","name":"Bergh_Cad","sameAs":["http:\/\/berghaus.cadcom-studio.fr"],"url":"https:\/\/berghaus-wengen.ch\/fr\/author\/bergh_cad\/"}]}},"_links":{"self":[{"href":"https:\/\/berghaus-wengen.ch\/fr\/wp-json\/wp\/v2\/posts\/4846","targetHints":{"allow":["GET"]}}],"collection":[{"href":"https:\/\/berghaus-wengen.ch\/fr\/wp-json\/wp\/v2\/posts"}],"about":[{"href":"https:\/\/berghaus-wengen.ch\/fr\/wp-json\/wp\/v2\/types\/post"}],"author":[{"embeddable":true,"href":"https:\/\/berghaus-wengen.ch\/fr\/wp-json\/wp\/v2\/users\/1"}],"replies":[{"embeddable":true,"href":"https:\/\/berghaus-wengen.ch\/fr\/wp-json\/wp\/v2\/comments?post=4846"}],"version-history":[{"count":3,"href":"https:\/\/berghaus-wengen.ch\/fr\/wp-json\/wp\/v2\/posts\/4846\/revisions"}],"predecessor-version":[{"id":7122,"href":"https:\/\/berghaus-wengen.ch\/fr\/wp-json\/wp\/v2\/posts\/4846\/revisions\/7122"}],"wp:featuredmedia":[{"embeddable":true,"href":"https:\/\/berghaus-wengen.ch\/fr\/wp-json\/wp\/v2\/media\/1668"}],"wp:attachment":[{"href":"https:\/\/berghaus-wengen.ch\/fr\/wp-json\/wp\/v2\/media?parent=4846"}],"wp:term":[{"taxonomy":"category","embeddable":true,"href":"https:\/\/berghaus-wengen.ch\/fr\/wp-json\/wp\/v2\/categories?post=4846"},{"taxonomy":"post_tag","embeddable":true,"href":"https:\/\/berghaus-wengen.ch\/fr\/wp-json\/wp\/v2\/tags?post=4846"}],"curies":[{"name":"wp","href":"https:\/\/api.w.org\/{rel}","templated":true}]}}